{"id":715,"date":"2023-10-13T16:55:39","date_gmt":"2023-10-13T15:55:39","guid":{"rendered":"http:\/\/www.verdescrecientes.org\/blog\/?p=715"},"modified":"2023-10-13T16:56:37","modified_gmt":"2023-10-13T15:56:37","slug":"serveis-professionals-per-a-politics-servicios-profesionales-para-politicos","status":"publish","type":"post","link":"http:\/\/www.verdescrecientes.org\/blog\/?p=715","title":{"rendered":"Serveis professionals per a pol\u00edtics \/ Servicios profesionales para pol\u00edticos"},"content":{"rendered":"\n<p>Aquest bloc no est\u00e0 actualitzat per qu\u00e8 vaig obrir un web espec\u00edfic de serveis professionals <a href=\"http:\/\/www.capacitador.info\">www.capacitador.info<\/a> al que et convide explorar. \u00datil per a candidats, c\u00e0rrecs p\u00fablics, activistes, etc.<\/p>\n\n\n\n<p>Este blog no est\u00e0 actualizado por qu\u00e9 abr\u00ed una web espec\u00edfica de servicios profesionales <a href=\"http:\/\/www.capacitador.info\">www.capacitador.info\/es<\/a> al que te invito explorar. \u00datil para candidatos, cargos p\u00fablicos, activistas, etc.<\/p>\n","protected":false},"excerpt":{"rendered":"<p>Aquest bloc no est\u00e0 actualitzat per qu\u00e8 vaig obrir un web espec\u00edfic de serveis professionals www.capacitador.info al que et convide explorar. \u00datil per a candidats, c\u00e0rrecs p\u00fablics, activistes, etc. Este blog no est\u00e0 actualizado por qu\u00e9 abr\u00ed una web espec\u00edfica &hellip; <a href=\"http:\/\/www.verdescrecientes.org\/blog\/?p=715\">Continua llegint <span class=\"meta-nav\">&rarr;<\/span><\/a><\/p>\n","protected":false},"author":2,"featured_media":0,"comment_status":"open","ping_status":"open","sticky":false,"template":"","format":"standard","meta":{"footnotes":""},"categories":[1],"tags":[],"_links":{"self":[{"href":"http:\/\/www.verdescrecientes.org\/blog\/index.php?rest_route=\/wp\/v2\/posts\/715"}],"collection":[{"href":"http:\/\/www.verdescrecientes.org\/blog\/index.php?rest_route=\/wp\/v2\/posts"}],"about":[{"href":"http:\/\/www.verdescrecientes.org\/blog\/index.php?rest_route=\/wp\/v2\/types\/post"}],"author":[{"embeddable":true,"href":"http:\/\/www.verdescrecientes.org\/blog\/index.php?rest_route=\/wp\/v2\/users\/2"}],"replies":[{"embeddable":true,"href":"http:\/\/www.verdescrecientes.org\/blog\/index.php?rest_route=%2Fwp%2Fv2%2Fcomments&post=715"}],"version-history":[{"count":2,"href":"http:\/\/www.verdescrecientes.org\/blog\/index.php?rest_route=\/wp\/v2\/posts\/715\/revisions"}],"predecessor-version":[{"id":717,"href":"http:\/\/www.verdescrecientes.org\/blog\/index.php?rest_route=\/wp\/v2\/posts\/715\/revisions\/717"}],"wp:attachment":[{"href":"http:\/\/www.verdescrecientes.org\/blog\/index.php?rest_route=%2Fwp%2Fv2%2Fmedia&parent=715"}],"wp:term":[{"taxonomy":"category","embeddable":true,"href":"http:\/\/www.verdescrecientes.org\/blog\/index.php?rest_route=%2Fwp%2Fv2%2Fcategories&post=715"},{"taxonomy":"post_tag","embeddable":true,"href":"http:\/\/www.verdescrecientes.org\/blog\/index.php?rest_route=%2Fwp%2Fv2%2Ftags&post=715"}],"curies":[{"name":"wp","href":"https:\/\/api.w.org\/{rel}","templated":true}]}}