{"id":705,"date":"2020-02-16T23:12:03","date_gmt":"2020-02-16T22:12:03","guid":{"rendered":"http:\/\/www.verdescrecientes.org\/blog\/?p=705"},"modified":"2020-02-16T23:12:03","modified_gmt":"2020-02-16T22:12:03","slug":"enfocaments-psicologics-de-la-comunicacio-accio-del-canvi-climatic","status":"publish","type":"post","link":"http:\/\/www.verdescrecientes.org\/blog\/?p=705","title":{"rendered":"Enfocaments psicol\u00f2gics de la comunicaci\u00f3\/acci\u00f3 del canvi clim\u00e0tic"},"content":{"rendered":"\n<p><\/p>\n\n\n\n<figure class=\"wp-block-embed-wordpress wp-block-embed is-type-wp-embed is-provider-climatica\"><div class=\"wp-block-embed__wrapper\">\n<blockquote class=\"wp-embedded-content\" data-secret=\"motJUQdhbV\"><a href=\"https:\/\/www.climatica.lamarea.com\/vacuna-desinformacion-climatica\/\">Tenemos la vacuna contra la desinformaci\u00f3n clim\u00e1tica: us\u00e9mosla<\/a><\/blockquote><iframe class=\"wp-embedded-content\" sandbox=\"allow-scripts\" security=\"restricted\" style=\"position: absolute; clip: rect(1px, 1px, 1px, 1px);\" title=\"\u00abTenemos la vacuna contra la desinformaci\u00f3n clim\u00e1tica: us\u00e9mosla\u00bb \u2014 Clim\u00e1tica\" src=\"https:\/\/www.climatica.lamarea.com\/vacuna-desinformacion-climatica\/embed\/#?secret=motJUQdhbV\" data-secret=\"motJUQdhbV\" width=\"584\" height=\"329\" frameborder=\"0\" marginwidth=\"0\" marginheight=\"0\" scrolling=\"no\"><\/iframe>\n<\/div><figcaption>La educaci\u00f3n y la anticipaci\u00f3n son claves en la lucha contra el negacionismo clim\u00e1tico, afirman los autores tras analizar las falsedades vertidas sobre los incendios de Australia.<\/figcaption><\/figure>\n","protected":false},"excerpt":{"rendered":"","protected":false},"author":2,"featured_media":0,"comment_status":"open","ping_status":"open","sticky":false,"template":"","format":"standard","meta":{"footnotes":""},"categories":[1],"tags":[],"_links":{"self":[{"href":"http:\/\/www.verdescrecientes.org\/blog\/index.php?rest_route=\/wp\/v2\/posts\/705"}],"collection":[{"href":"http:\/\/www.verdescrecientes.org\/blog\/index.php?rest_route=\/wp\/v2\/posts"}],"about":[{"href":"http:\/\/www.verdescrecientes.org\/blog\/index.php?rest_route=\/wp\/v2\/types\/post"}],"author":[{"embeddable":true,"href":"http:\/\/www.verdescrecientes.org\/blog\/index.php?rest_route=\/wp\/v2\/users\/2"}],"replies":[{"embeddable":true,"href":"http:\/\/www.verdescrecientes.org\/blog\/index.php?rest_route=%2Fwp%2Fv2%2Fcomments&post=705"}],"version-history":[{"count":1,"href":"http:\/\/www.verdescrecientes.org\/blog\/index.php?rest_route=\/wp\/v2\/posts\/705\/revisions"}],"predecessor-version":[{"id":706,"href":"http:\/\/www.verdescrecientes.org\/blog\/index.php?rest_route=\/wp\/v2\/posts\/705\/revisions\/706"}],"wp:attachment":[{"href":"http:\/\/www.verdescrecientes.org\/blog\/index.php?rest_route=%2Fwp%2Fv2%2Fmedia&parent=705"}],"wp:term":[{"taxonomy":"category","embeddable":true,"href":"http:\/\/www.verdescrecientes.org\/blog\/index.php?rest_route=%2Fwp%2Fv2%2Fcategories&post=705"},{"taxonomy":"post_tag","embeddable":true,"href":"http:\/\/www.verdescrecientes.org\/blog\/index.php?rest_route=%2Fwp%2Fv2%2Ftags&post=705"}],"curies":[{"name":"wp","href":"https:\/\/api.w.org\/{rel}","templated":true}]}}