{"id":674,"date":"2018-05-30T14:31:37","date_gmt":"2018-05-30T13:31:37","guid":{"rendered":"http:\/\/www.verdescrecientes.org\/blog\/?p=674"},"modified":"2019-01-21T23:45:33","modified_gmt":"2019-01-21T22:45:33","slug":"expulsions-en-verdsequo-declarades-il%c2%b7egals","status":"publish","type":"post","link":"http:\/\/www.verdescrecientes.org\/blog\/?p=674","title":{"rendered":"Expulsions en VerdsEquo declarades il\u00b7egals"},"content":{"rendered":"<p>Les persones expulsades de VerdsEquo, agrupades en la Plataforma per a la transpar\u00e8ncia i democr\u00e0cia participativa, han guanyat el judici. La jutgessa ha dictaminat que<strong> van ser expulsions il\u00b7legals, ja que atentava contra la llibertat d&#8217;expressi\u00f3.<\/strong><\/p>\n<p>Dues noticies en el Levante:<\/p>\n<p>https:\/\/www.levante-emv.com\/comunitat-valenciana\/2018\/05\/05\/criticos-verds-equo-piden-autocritica\/1713763.html<\/p>\n<p>https:\/\/www.levante-emv.com\/comunitat-valenciana\/2018\/05\/04\/jueza-obliga-readmitir-criticos-expulsados\/1712932.html<\/p>\n<p>En el v\u00eddeo podeu veure l&#8217;al\u00b7legat final del nostre advocat sobre la import\u00e0ncia de la democr\u00e0cia interna en els partits per a potenciar la democr\u00e0cia en la nostra societat https:\/\/youtu.be\/LJ19o0oIB4M<\/p>\n<p>Aquest article explica molt b\u00e9 el que est\u00e0 passant en EQUO, en un altre partit<\/p>\n<p>https:\/\/ctxt.es\/es\/20190116\/Firmas\/23989\/Jose-Luis-Villaca%C3%B1as-Errejon-Carmena-Iglesias-elecciones-mayo.htm<\/p>\n","protected":false},"excerpt":{"rendered":"<p>Les persones expulsades de VerdsEquo, agrupades en la Plataforma per a la transpar\u00e8ncia i democr\u00e0cia participativa, han guanyat el judici. La jutgessa ha dictaminat que van ser expulsions il\u00b7legals, ja que atentava contra la llibertat d&#8217;expressi\u00f3. Dues noticies en el &hellip; <a href=\"http:\/\/www.verdescrecientes.org\/blog\/?p=674\">Continua llegint <span class=\"meta-nav\">&rarr;<\/span><\/a><\/p>\n","protected":false},"author":2,"featured_media":0,"comment_status":"open","ping_status":"open","sticky":false,"template":"","format":"standard","meta":{"footnotes":""},"categories":[1],"tags":[],"_links":{"self":[{"href":"http:\/\/www.verdescrecientes.org\/blog\/index.php?rest_route=\/wp\/v2\/posts\/674"}],"collection":[{"href":"http:\/\/www.verdescrecientes.org\/blog\/index.php?rest_route=\/wp\/v2\/posts"}],"about":[{"href":"http:\/\/www.verdescrecientes.org\/blog\/index.php?rest_route=\/wp\/v2\/types\/post"}],"author":[{"embeddable":true,"href":"http:\/\/www.verdescrecientes.org\/blog\/index.php?rest_route=\/wp\/v2\/users\/2"}],"replies":[{"embeddable":true,"href":"http:\/\/www.verdescrecientes.org\/blog\/index.php?rest_route=%2Fwp%2Fv2%2Fcomments&post=674"}],"version-history":[{"count":5,"href":"http:\/\/www.verdescrecientes.org\/blog\/index.php?rest_route=\/wp\/v2\/posts\/674\/revisions"}],"predecessor-version":[{"id":687,"href":"http:\/\/www.verdescrecientes.org\/blog\/index.php?rest_route=\/wp\/v2\/posts\/674\/revisions\/687"}],"wp:attachment":[{"href":"http:\/\/www.verdescrecientes.org\/blog\/index.php?rest_route=%2Fwp%2Fv2%2Fmedia&parent=674"}],"wp:term":[{"taxonomy":"category","embeddable":true,"href":"http:\/\/www.verdescrecientes.org\/blog\/index.php?rest_route=%2Fwp%2Fv2%2Fcategories&post=674"},{"taxonomy":"post_tag","embeddable":true,"href":"http:\/\/www.verdescrecientes.org\/blog\/index.php?rest_route=%2Fwp%2Fv2%2Ftags&post=674"}],"curies":[{"name":"wp","href":"https:\/\/api.w.org\/{rel}","templated":true}]}}