{"id":27,"date":"2011-06-29T21:12:09","date_gmt":"2011-06-29T21:12:09","guid":{"rendered":"http:\/\/www.verdescrecientes.org\/blog\/?p=27"},"modified":"2011-06-29T21:16:04","modified_gmt":"2011-06-29T21:16:04","slug":"notas-de-prensa-con-elefantes","status":"publish","type":"post","link":"http:\/\/www.verdescrecientes.org\/blog\/?p=27","title":{"rendered":"Notas de prensa con elefantes"},"content":{"rendered":"<h3><a href=\"http:\/\/www.saludverde.org\/blog\/2009\/05\/29\/los-verdes-piden-una-nueva-regulacion-de-las-explotaciones-de-ganaderia-intensiva\/\">Los Verdes piden una nueva regulaci\u00f3n de las explotaciones de ganader\u00eda intensiva<\/a><\/h3>\n<p><span style=\"font-size: x-small;\">Nota de prensa emitida por la Coordinadora Verde ca.\u00a0 29 de mayo de <\/span><span style=\"font-size: x-small;\"> 2009<\/span><\/p>\n<p><em>Este es un ejemplo claro de c\u00f3mo se introducen los &#8220;elefantes&#8221; masivamente. Curiosamente, el t\u00edtulo hace referencia a una petici\u00f3n para hacer las explotaciones ganaderas sostenibles, en cambio la mayor parte del texto -en rojo- dice lo que NO se debe hacer.\u00a0 En cambio, lo propositivo, s\u00f3lo ocupa tres lineas -en azul- al final del comunicado.<\/em><\/p>\n<p><span style=\"font-size: x-small;\"><br \/>\n<\/span><\/p>\n<p>&#8220;De insuficientes han calificado Los Verdes las actuaciones que se est\u00e1n llevando a cabo a nivel mundial en relaci\u00f3n a la gripe A, \u201csi no contemplan la aplicaci\u00f3n del principio de precauci\u00f3n al actual modelo de desarrollo de la industria ganadera\u201d.<\/p>\n<p><span style=\"color: #ff3366;\">Para Los Verdes, es necesario adaptarse y tomar medidas ante \u00a0un nuevo escenario surgido en la \u00faltima d\u00e9cada, en \u00a0el que se ha demostrado que las condiciones de cr\u00eda intensiva de animales dedicados al consumo pueden actuar como incubadoras de nuevas cepas pat\u00f3genas capaces de provocar pandemias mundiales. <\/span> \u201cSon nuevos problemas, ante los que se necesitan nuevas respuestas\u201d, ha declarado el partido ecologista, <span style=\"color: #ff3366;\">que rechaza que los organismos internacionales competentes en salud p\u00fablica se limiten a paliar los efectos de las nuevas enfermedades que surgen, sin tomar medida alguna en relaci\u00f3n a las posibles causas de su aparici\u00f3n.<\/span><\/p>\n<p><span style=\"color: #ff3366;\">\u201cNo aprobamos que la \u00fanica respuesta sea la de ir a la zaga de los problemas, como buscar nuevas vacunas una vez aparecidos los nuevos virus por recombinaci\u00f3n de los anteriores, y no se promueva al mismo tiempo una regulaci\u00f3n de las grandes instalaciones ganaderas, cuyas actuales caracter\u00edsticas pueden propiciar la mutaci\u00f3n y surgimiento de nuevos pat\u00f3genos o resistencias bacterianas, contra los que los sistemas de vigilancia no est\u00e1n preparados. La producci\u00f3n masiva de carne barata para el mercado de los pa\u00edses desarrollados no debe ser una prioridad para los gobiernos frente a la prevenci\u00f3n de nuevas pandemias que pueden afectar potencialmente a toda la humanidad\u201d , han declarado Los Verdes, que recuerdan los casos de la gripe aviar, el del virus triple h\u00edbrido\u00a0aparecido en Carolina del Norte en 1998, y los indicios, no demostrados a\u00fan, de que la nueva cepa de la gripe A ha podido originarse en unas instalaciones de este tipo en M\u00e9xico.<\/span><\/p>\n<p><span style=\"color: #ff3366;\">\u201cEl hacinamiento de los animales \u2013contin\u00faa el partido verde-, el estr\u00e9s al que se ven sometidos de por vida, la debilidad de su sistema inmune junto a la sobrecarga de antibi\u00f3ticos y vacunas y la concentraci\u00f3n geogr\u00e1fica de este tipo de instalaciones puede llegar a ser una bomba de relojer\u00eda para la bioseguridad, como vienen advirtiendo algunos expertos desde hace a\u00f1os, y ante ese riesgo no puede mirarse para otro lado, sino que debe plantearse para su modificaci\u00f3n en un plazo prudencial de tiempo, conjuntamente con el sector. Es necesario regular la industria ganadera desde la nueva perspectiva de la bioseguridad, que adem\u00e1s de contemplar las condiciones en que viven los animales, contemple medidas de seguridad para los trabajadores y el transporte o reutilizaci\u00f3n de los desechos producidos\u201d. En este sentido, Los Verdes se\u00f1alan que si la industria de cr\u00eda animal a gran escala se ha convertido en un riesgo para la salud humana, la respuesta de los responsables pol\u00edticos no deber\u00eda hacerse esperar.<\/span><\/p>\n<p><span style=\"color: #ff3366;\">Por otra parte, el partido ecologista manifiesta la injusticia que supone que los criaderos intensivos se lucren con los beneficios econ\u00f3micos de su actividad pero no asuman los costos sanitarios que pueden producirse como consecuencia de las mismas. \u00a0\u201cAdem\u00e1s de los costos ambientales, aparecen los costos sanitarios, una deuda oculta que los organismos internacionales no deben echar sobre la espalda de los contribuyentes\u201d,<\/span> manifiestan los ecologistas, que invitan a remarcar, por el contrario,<span style=\"color: #0000ff;\"> las virtudes de la ganader\u00eda extensiva, como la del cerdo ib\u00e9rico en Espa\u00f1a, que proporciona alimentos de mayor calidad, revitaliza el mundo rural, contribuye a la conservaci\u00f3n del paisaje y de la cultura tradicional y disminuye los riesgos sanitarios para la poblaci\u00f3n.&#8221;<\/span><\/p>\n<p>&nbsp;<\/p>\n","protected":false},"excerpt":{"rendered":"<p>Los Verdes piden una nueva regulaci\u00f3n de las explotaciones de ganader\u00eda intensiva Nota de prensa emitida por la Coordinadora Verde ca.\u00a0 29 de mayo de 2009 Este es un ejemplo claro de c\u00f3mo se introducen los &#8220;elefantes&#8221; masivamente. Curiosamente, el &hellip; <a href=\"http:\/\/www.verdescrecientes.org\/blog\/?p=27\">Continua llegint <span class=\"meta-nav\">&rarr;<\/span><\/a><\/p>\n","protected":false},"author":2,"featured_media":0,"comment_status":"open","ping_status":"open","sticky":false,"template":"","format":"standard","meta":{"footnotes":""},"categories":[4],"tags":[],"_links":{"self":[{"href":"http:\/\/www.verdescrecientes.org\/blog\/index.php?rest_route=\/wp\/v2\/posts\/27"}],"collection":[{"href":"http:\/\/www.verdescrecientes.org\/blog\/index.php?rest_route=\/wp\/v2\/posts"}],"about":[{"href":"http:\/\/www.verdescrecientes.org\/blog\/index.php?rest_route=\/wp\/v2\/types\/post"}],"author":[{"embeddable":true,"href":"http:\/\/www.verdescrecientes.org\/blog\/index.php?rest_route=\/wp\/v2\/users\/2"}],"replies":[{"embeddable":true,"href":"http:\/\/www.verdescrecientes.org\/blog\/index.php?rest_route=%2Fwp%2Fv2%2Fcomments&post=27"}],"version-history":[{"count":4,"href":"http:\/\/www.verdescrecientes.org\/blog\/index.php?rest_route=\/wp\/v2\/posts\/27\/revisions"}],"predecessor-version":[{"id":30,"href":"http:\/\/www.verdescrecientes.org\/blog\/index.php?rest_route=\/wp\/v2\/posts\/27\/revisions\/30"}],"wp:attachment":[{"href":"http:\/\/www.verdescrecientes.org\/blog\/index.php?rest_route=%2Fwp%2Fv2%2Fmedia&parent=27"}],"wp:term":[{"taxonomy":"category","embeddable":true,"href":"http:\/\/www.verdescrecientes.org\/blog\/index.php?rest_route=%2Fwp%2Fv2%2Fcategories&post=27"},{"taxonomy":"post_tag","embeddable":true,"href":"http:\/\/www.verdescrecientes.org\/blog\/index.php?rest_route=%2Fwp%2Fv2%2Ftags&post=27"}],"curies":[{"name":"wp","href":"https:\/\/api.w.org\/{rel}","templated":true}]}}