{"id":268,"date":"2012-09-03T10:30:13","date_gmt":"2012-09-03T08:30:13","guid":{"rendered":"http:\/\/www.verdescrecientes.org\/blog\/?p=268"},"modified":"2013-09-15T21:39:19","modified_gmt":"2013-09-15T20:39:19","slug":"taller-comunicacion-verde-eficaz-de-la-universidad-verde","status":"publish","type":"post","link":"http:\/\/www.verdescrecientes.org\/blog\/?p=268","title":{"rendered":"Taller &#8220;Comunicaci\u00f3n verde eficaz&#8221; de la Universidad Verde 2012"},"content":{"rendered":"<p>Aqu\u00ed ten\u00e9is la trasncripci\u00f3n del taller &#8220;Comunicaci\u00f3n verde efectiva&#8221; que impart\u00ed en la IV Universidad Verde organizada por Equo y celebrada en Vitoria-Gasteiz el s\u00e1bado 1 de septiembre de 2012. La hago disponible para aquellas personas que no pudieron asistir a la Univerde o que participaron en otro taller. Gracias a Ana Hern\u00e1ndez por transcribir la conferencia.<\/p>\n<p>Para bajarte las diapositivas del taller clica <a href=\"http:\/\/www.verdescrecientes.org\/blog\/wp-content\/uploads\/2012\/09\/Comunicaci\u00f3n-verde-efectiva-UNIVERDE-2012.pdf\">aqu\u00ed<\/a>.<\/p>\n<p>Si quieres bajarte el texto basado en la transcripci\u00f3n <a href=\"http:\/\/www.verdescrecientes.org\/blog\/wp-content\/uploads\/2012\/09\/Comunicaci\u00f3n-verde-efectiva-UNIVERDE20121.pdf\">clica aqu\u00ed<\/a>.<\/p>\n<p>&nbsp;<\/p>\n<p><a href=\"http:\/\/www.verdescrecientes.org\/blog\/wp-content\/uploads\/2012\/09\/carles-univerde-2012.jpg\"><img decoding=\"async\" loading=\"lazy\" class=\"alignleft size-full wp-image-288\" title=\"carles univerde 2012\" alt=\"\" src=\"http:\/\/www.verdescrecientes.org\/blog\/wp-content\/uploads\/2012\/09\/carles-univerde-2012.jpg\" width=\"960\" height=\"716\" srcset=\"http:\/\/www.verdescrecientes.org\/blog\/wp-content\/uploads\/2012\/09\/carles-univerde-2012.jpg 960w, http:\/\/www.verdescrecientes.org\/blog\/wp-content\/uploads\/2012\/09\/carles-univerde-2012-300x223.jpg 300w\" sizes=\"(max-width: 960px) 100vw, 960px\" \/><\/a><\/p>\n<p>&nbsp;<\/p>\n","protected":false},"excerpt":{"rendered":"<p>Aqu\u00ed ten\u00e9is la trasncripci\u00f3n del taller &#8220;Comunicaci\u00f3n verde efectiva&#8221; que impart\u00ed en la IV Universidad Verde organizada por Equo y celebrada en Vitoria-Gasteiz el s\u00e1bado 1 de septiembre de 2012. La hago disponible para aquellas personas que no pudieron asistir &hellip; <a href=\"http:\/\/www.verdescrecientes.org\/blog\/?p=268\">Continua llegint <span class=\"meta-nav\">&rarr;<\/span><\/a><\/p>\n","protected":false},"author":2,"featured_media":0,"comment_status":"open","ping_status":"open","sticky":false,"template":"","format":"standard","meta":{"footnotes":""},"categories":[1],"tags":[],"_links":{"self":[{"href":"http:\/\/www.verdescrecientes.org\/blog\/index.php?rest_route=\/wp\/v2\/posts\/268"}],"collection":[{"href":"http:\/\/www.verdescrecientes.org\/blog\/index.php?rest_route=\/wp\/v2\/posts"}],"about":[{"href":"http:\/\/www.verdescrecientes.org\/blog\/index.php?rest_route=\/wp\/v2\/types\/post"}],"author":[{"embeddable":true,"href":"http:\/\/www.verdescrecientes.org\/blog\/index.php?rest_route=\/wp\/v2\/users\/2"}],"replies":[{"embeddable":true,"href":"http:\/\/www.verdescrecientes.org\/blog\/index.php?rest_route=%2Fwp%2Fv2%2Fcomments&post=268"}],"version-history":[{"count":13,"href":"http:\/\/www.verdescrecientes.org\/blog\/index.php?rest_route=\/wp\/v2\/posts\/268\/revisions"}],"predecessor-version":[{"id":272,"href":"http:\/\/www.verdescrecientes.org\/blog\/index.php?rest_route=\/wp\/v2\/posts\/268\/revisions\/272"}],"wp:attachment":[{"href":"http:\/\/www.verdescrecientes.org\/blog\/index.php?rest_route=%2Fwp%2Fv2%2Fmedia&parent=268"}],"wp:term":[{"taxonomy":"category","embeddable":true,"href":"http:\/\/www.verdescrecientes.org\/blog\/index.php?rest_route=%2Fwp%2Fv2%2Fcategories&post=268"},{"taxonomy":"post_tag","embeddable":true,"href":"http:\/\/www.verdescrecientes.org\/blog\/index.php?rest_route=%2Fwp%2Fv2%2Ftags&post=268"}],"curies":[{"name":"wp","href":"https:\/\/api.w.org\/{rel}","templated":true}]}}